{"id":974,"date":"2020-03-10T21:14:43","date_gmt":"2020-03-10T20:14:43","guid":{"rendered":"http:\/\/www.parrocchiamariassannunziata.it\/?p=974"},"modified":"2020-03-10T21:14:44","modified_gmt":"2020-03-10T20:14:44","slug":"un-tempo-di-enorme-responsabilita","status":"publish","type":"post","link":"https:\/\/www.parrocchiamariassannunziata.it\/index.php\/2020\/03\/10\/un-tempo-di-enorme-responsabilita\/","title":{"rendered":"Un tempo di enorme responsabilit\u00e0"},"content":{"rendered":"\n<div class=\"wp-block-image\"><figure class=\"alignright\"><img decoding=\"async\" src=\"http:\/\/www.diocesimaterairsina.it\/wp-content\/uploads\/2020\/03\/CEI-uff-naz-comunicaz-soc.jpg\" alt=\"\" class=\"wp-image-17773\"\/><\/figure><\/div>\n\n\n\n<p><strong>CS n. 12\/2020<\/strong><\/p>\n\n\n\n<p>Nel contrasto alla diffusione del coronavirus, l\u2019estensione a tutto il Paese delle misure restrittive, decise dalla Presidenza del Consiglio dei Ministri con il decreto del 9 marzo, ha ribadito l\u2019impedimento a ogni celebrazione della Santa Messa con concorso di fedeli. Questa decisione, che crea rammarico e disorientamento nei Pastori, nei sacerdoti, nelle comunit\u00e0 religiose e nell\u2019intero Popolo di Dio, \u00e8 stata accettata in forza della tutela della salute pubblica.<\/p>\n\n\n\n<p>A maggior ragione, tale inedita situazione deve poter incontrare una risposta non rassegnata n\u00e9 disarmante. Va in questa direzione l\u2019impegno con cui la Chiesa italiana \u2013 soprattutto attraverso le sue Diocesi e parrocchie \u2013 sta affrontando questo tempo, che come ricorda Papa Francesco costituisce un cambiamento d\u2019epoca, per molti versi spiazzante. Pi\u00f9 che soffiare sulla paura, pi\u00f9 che attardarci sui distinguo, pi\u00f9 che puntare i riflettori sulle limitazioni e sui divieti del Decreto, la Chiesa tutta sente una responsabilit\u00e0 enorme di prossimit\u00e0 al Paese.<\/p>\n\n\n\n<p>\u00c8 prossimit\u00e0 che si esprime nell\u2019apertura delle chiese, nella disponibilit\u00e0 dei sacerdoti ad accompagnare il cammino spirituale delle persone con l\u2019ascolto, la preghiera e il sacramento della riconciliazione; nel loro celebrare quotidianamente \u2013 senza popolo, ma per tutto il popolo \u2013 l\u2019Eucaristia; nel loro visitare ammalati e anziani, anche con i sacramenti degli infermi; nel loro recarsi sui cimiteri per la benedizione dei defunti.<\/p>\n\n\n\n<p>Ancora, questa prossimit\u00e0 ha il volto della carit\u00e0, che passa dall\u2019\u201cassicurare a livello diocesano e parrocchiale i servizi essenziali a favore dei poveri, quali le mense, gli empori, i dormitori, i centri d\u2019ascolto\u201d, come scrive Caritas Italiana, che aggiunge l\u2019attenzione a \u201cnon trascurare i nuovi bisognosi e anche chi viveva gi\u00e0 situazioni di difficolt\u00e0 e vede peggiorare la propria condizione\u201d.<\/p>\n\n\n\n<p>Sul territorio le iniziative \u2013 sia in campo liturgico che caritativo \u2013 si stanno moltiplicando, sostenute dai Vescovi e dalla passione di preti e laici, di animatori e volontari.<\/p>\n\n\n\n<p>La Segreteria Generale della CEI, oltre a rispondere alle domande che provengono dalle Diocesi, sta predisponendo una serie di sussidi che possano accompagnare la preghiera personale e familiare, come pure di piccoli gruppi di fedeli. Attraverso Avvenire, Tv2000, Circuito InBlu e Sir si stanno mettendo a punto nuove iniziative, programmi orientati alla preghiera e all\u2019offerta di chiavi di lettura con cui interpretare alla luce della fede questa non facile stagione. Un ambiente digitale raccoglier\u00e0 e rilancer\u00e0 le buone prassi messe in atto dalle Diocesi e offrir\u00e0 contributi di riflessione e approfondimento.<\/p>\n\n\n\n<p>La Segreteria Generale della CEI<\/p>\n\n\n\n<p>Roma, 10 marzo 2020<\/p>\n","protected":false},"excerpt":{"rendered":"<p>CS n. 12\/2020 Nel contrasto alla diffusione del coronavirus, l\u2019estensione a tutto il Paese delle misure restrittive, decise dalla Presidenza del Consiglio dei Ministri con [&hellip;]<\/p>\n","protected":false},"author":1,"featured_media":975,"comment_status":"closed","ping_status":"closed","sticky":false,"template":"","format":"standard","meta":{"footnotes":""},"categories":[38,1],"tags":[],"class_list":["post-974","post","type-post","status-publish","format-standard","has-post-thumbnail","hentry","category-covid19","category-generale"],"_links":{"self":[{"href":"https:\/\/www.parrocchiamariassannunziata.it\/index.php\/wp-json\/wp\/v2\/posts\/974","targetHints":{"allow":["GET"]}}],"collection":[{"href":"https:\/\/www.parrocchiamariassannunziata.it\/index.php\/wp-json\/wp\/v2\/posts"}],"about":[{"href":"https:\/\/www.parrocchiamariassannunziata.it\/index.php\/wp-json\/wp\/v2\/types\/post"}],"author":[{"embeddable":true,"href":"https:\/\/www.parrocchiamariassannunziata.it\/index.php\/wp-json\/wp\/v2\/users\/1"}],"replies":[{"embeddable":true,"href":"https:\/\/www.parrocchiamariassannunziata.it\/index.php\/wp-json\/wp\/v2\/comments?post=974"}],"version-history":[{"count":1,"href":"https:\/\/www.parrocchiamariassannunziata.it\/index.php\/wp-json\/wp\/v2\/posts\/974\/revisions"}],"predecessor-version":[{"id":976,"href":"https:\/\/www.parrocchiamariassannunziata.it\/index.php\/wp-json\/wp\/v2\/posts\/974\/revisions\/976"}],"wp:featuredmedia":[{"embeddable":true,"href":"https:\/\/www.parrocchiamariassannunziata.it\/index.php\/wp-json\/wp\/v2\/media\/975"}],"wp:attachment":[{"href":"https:\/\/www.parrocchiamariassannunziata.it\/index.php\/wp-json\/wp\/v2\/media?parent=974"}],"wp:term":[{"taxonomy":"category","embeddable":true,"href":"https:\/\/www.parrocchiamariassannunziata.it\/index.php\/wp-json\/wp\/v2\/categories?post=974"},{"taxonomy":"post_tag","embeddable":true,"href":"https:\/\/www.parrocchiamariassannunziata.it\/index.php\/wp-json\/wp\/v2\/tags?post=974"}],"curies":[{"name":"wp","href":"https:\/\/api.w.org\/{rel}","templated":true}]}}