{"id":663,"date":"2017-06-12T07:17:44","date_gmt":"2017-06-12T05:17:44","guid":{"rendered":"http:\/\/www.parrocchiamariassannunziata.it\/?p=663"},"modified":"2017-06-27T13:10:35","modified_gmt":"2017-06-27T11:10:35","slug":"programma-festeggiamenti-santi-giulio-papa-terzo-cavone","status":"publish","type":"post","link":"https:\/\/www.parrocchiamariassannunziata.it\/index.php\/2017\/06\/12\/programma-festeggiamenti-santi-giulio-papa-terzo-cavone\/","title":{"rendered":"Programma Festeggiamenti San Giulio I, Papa &#8211; Terzo Cavone"},"content":{"rendered":"<p>Carissimi,<\/p>\n<p>la festa di San Giulio I, Papa, che ci apprestiamo a vivere, vuoi essere per tutti noi un\u2019occasione per incontrare Ges\u00f9 e permettere che la gioia dei Vangelo riempia il nostro cuore e la nostra vita.<\/p>\n<p><!--more--><\/p>\n<p>La festa sia anche un momento propizio Per incontrarci fraternamente, per rinsaldare i nostri rapporti di affetto e amicizia in uno stile di comunione. La festa vede come protagonista la comunit\u00e0 parrocchiale di San Giulio ma in stretta comunione e condivisione con tutta la comunit\u00e0 di Scanzano.<\/p>\n<p>Ho pensato di proporvi dei cenni biografici sulla vita di San Giulio, l Papa, affinch\u00e8 possiate meglio conoscerlo e amarlo, sapendo che ognuno di noi \u00e8 in cammino verso la santit\u00e0.<\/p>\n<blockquote><p>\u201cDella sua vita anteriore al pontificato non si conosce niente di sicuro; secondo il Liber Pontificalis era romano, figlio di un certo Rustico. Eletto papa nel 337 govern\u00f2 la Chiesa fino al 352, in un periodo molto critico a causa della controversia ariana, inasprita dalle controversie degli Eusebiani, protetti dall&#8217;imperatore Costanzo, contro s. Atanasio. Appena conosciuta la sua elezione al sommo pontificato, gli ariani gli inviarono delle lettere contro Atanasio ed altri vescovi deposti nel 335; ma Giulio informato sui vero stato delle cose, convoc\u00f2 un concilio a Roma per il giugno 340, al quale invit\u00f2 anche i vescovi orientali, per decidere secondo giustizia. Gli eusebiani non intervennero, anzi inviarono al papa una lettera arrogante, aspra e piena di calunnie; il concilio fu tenuto egualmente e vi parteciparono cinquanta \u00a0vescovi che approvarono l&#8217;operato di Giulio, riconobbero innocenti e riabilitarono tutti i vescovi deposti e particolarmente s. Atanasio.<\/p>\n<p>Agli eusebiani poi, il papa rispose con una lettera che \u00e8 un capolavoro di dignit\u00e0 e nobilt\u00e0, degno in tutto della Sede apostolica, in cui confutava le loro scuse ed accuse, difendeva con fermezza. la verit\u00e0, li rimproverava d&#8217;aver violato le leggi canoniche, smantellava i pretesti addotti per non venire al concilio, illustrava l&#8217;innocenza di s. Atanasio e la doppiezza del loro operato contro di lui, concludendo con una calda esortazione alla carit\u00e0 e alla pace.<\/p>\n<p>Questa lettera per\u00f2 non riusci a vincere l\u2019impudenza degli ariani che riuniti in sinodo ad Antiochia nel 341, ribadirono la loro condanna contro Atanasio.<\/p>\n<p>Le trattative per una pacificazione furono riprese al concilio di Sardica (343), ma ancora una volta la malafede degli eusebiani fece fallire tutto. Giulio per\u00f2 difese sempre e protesse s. Atanasio, l&#8217;accolse a Roma con grandi segni di stima ed affetto e gli diede lettere di congratulazione per la Chiesa di Alessandria, quando pot\u00e9 tornare in dopo l&#8217;esilio del 349.<\/p>\n<p>Giulio fu anche molto attivo nel governo interno della Chiesa di Roma; dal Liber Pontificalis sappiamo che stabili ed organizz\u00f2 il collegio dei notai ecclesiastici per tutte le questioni amministrative. Il Catalogo Liberiano attesta di lui che multas fabricas fecit ed infatti Giulio edific\u00f2 almeno cinque nuove chiese: una nella settima regione, corrispondente all&#8217;attuale chiesa dei Dodici Apostoli ed un&#8217;altra in Trastevere, in citt\u00e0; tre invece nei cimiteri e cio\u00e8 sulla via Flaminia (S. Valentino), Portuense (S. Felice ad insalatos) ed Aurelia (al III miglio, sul sepolcro del papa Callisto).<\/p>\n<p>Mori il 12 aprile 352 e fu sepolto nella chiesa da lui stesso edificata sulla via Aurelia, dove lo veneravano ancora i pellegrini del sec. VII.<\/p>\n<p>Il suo nome fu inscritto subito nella Depositio episcoporum e nel Martirologio Geronimiano: \u00e8 falso per\u00f2 ch\u2019egli sia morto martire, come pretende sapere l\u2019autore della Notitia Ecclesiarum.<\/p>\n<p>Le sue reliquie, secondo una tradizione, sarebbero state portate nella basilica di S. Prassede dal papa Pasquale I, mentre secondo un&#8217;altra tradizione, Innocenzo II le avrebbe trasferite nella basilica di S. Maria in Trastevere; in questa ultima le trov\u00f2 nel 1505 il card. titolare Marco Vegerio, il quale si adoper\u00f2 anche per far rifiorire il culto di Giulio, ottenendo a tale scopo un Breve dal papa Giulio II\u201d.<\/p><\/blockquote>\n<p style=\"text-align: center;\"><strong>PROGRAMMA 24-25 giugno 2017<\/strong><\/p>\n<p><img loading=\"lazy\" decoding=\"async\" class=\" wp-image-672 alignright\" src=\"http:\/\/www.parrocchiamariassannunziata.it\/wp-content\/uploads\/2017\/06\/FB_IMG_1497942630627-221x300.jpg\" alt=\"\" width=\"338\" height=\"459\" srcset=\"https:\/\/www.parrocchiamariassannunziata.it\/wp-content\/uploads\/2017\/06\/FB_IMG_1497942630627-221x300.jpg 221w, https:\/\/www.parrocchiamariassannunziata.it\/wp-content\/uploads\/2017\/06\/FB_IMG_1497942630627.jpg 719w\" sizes=\"auto, (max-width: 338px) 100vw, 338px\" \/><\/p>\n<p><strong>GIOVEDI 22 GIUGNO<\/strong><\/p>\n<ul>\n<li>ORE 18:30 SANTO ROSARIO<\/li>\n<li>ORE 19:00 SANTA MESSA<\/li>\n<li>ORE 20:00 INCONTRO CULTURALE: Presentazione del Libro: \u201d<em>Ad uno ad uno<\/em>\u201d &#8211; <em><strong>Don Enzo Appella<\/strong><\/em><\/li>\n<\/ul>\n<p><strong>VENERDI 23 GIUGNO<\/strong><\/p>\n<ul>\n<li>ORE 18:30 SANTO ROSARIO<\/li>\n<li>ORE 19:00 SANTA MESSA &#8211; Presiede Don <em><strong>Massimo Ferraiuolo<\/strong><\/em><\/li>\n<\/ul>\n<p><strong>SABATO 24 GIUGNO <\/strong><\/p>\n<ul>\n<li>ORE 18:30 SANTO ROSARIO<\/li>\n<li>ORE 19:00 SANTA MESSA BATTESIMI<\/li>\n<li>ORE 20:30 RASSEGNA CORI PARROCCHIALI<\/li>\n<li>SAGGIO MUSICALE<\/li>\n<li>Festa del Nido, a cura dell\u2019associazione &#8220;<strong><em>Donami un sorriso<\/em><\/strong>\u201d<\/li>\n<li>SAGRA DELLA PORCHETTA<\/li>\n<\/ul>\n<p><strong>DOMENICA 25 GIUGNO<\/strong><\/p>\n<p><strong><em>FESTA DI SAN GIULIO I, PAPA<\/em><\/strong><\/p>\n<ul>\n<li>ORE 18:30 SANTO ROSARIO<\/li>\n<li>ORE 19:00 SANTA MESSA<\/li>\n<li>ORE 20:00 PROCESSIONE<\/li>\n<li>ORE 21:30 <strong>SPETTACOLO: Cabaret\u00a0<\/strong>Direttamente da Zelig CHICCO PAGLIONICO<\/li>\n<li>ORE 23:00 FUOCHI E RIFFA<\/li>\n<\/ul>\n<p>&nbsp;<\/p>\n<blockquote class=\"wp-embedded-content\" data-secret=\"3wRjMUl14O\"><p><a href=\"https:\/\/www.parrocchiamariassannunziata.it\/index.php\/2017\/06\/27\/premi-festa-san-giulio-25-giugno-2017\/\">Premi Festa San Giulio I, 25 Giugno 2017<\/a><\/p><\/blockquote>\n<p><iframe loading=\"lazy\" class=\"wp-embedded-content\" sandbox=\"allow-scripts\" security=\"restricted\" style=\"position: absolute; visibility: hidden;\" title=\"&#8220;Premi Festa San Giulio I, 25 Giugno 2017&#8221; &#8212; Parrocchia Maria SS Annunziata\" src=\"https:\/\/www.parrocchiamariassannunziata.it\/index.php\/2017\/06\/27\/premi-festa-san-giulio-25-giugno-2017\/embed\/#?secret=VGd7Exhv1H#?secret=3wRjMUl14O\" data-secret=\"3wRjMUl14O\" width=\"600\" height=\"338\" frameborder=\"0\" marginwidth=\"0\" marginheight=\"0\" scrolling=\"no\"><\/iframe><\/p>\n","protected":false},"excerpt":{"rendered":"<p>Carissimi, la festa di San Giulio I, Papa, che ci apprestiamo a vivere, vuoi essere per tutti noi un\u2019occasione per incontrare Ges\u00f9 e permettere che [&hellip;]<\/p>\n","protected":false},"author":1,"featured_media":666,"comment_status":"open","ping_status":"closed","sticky":false,"template":"","format":"standard","meta":{"footnotes":""},"categories":[7,1],"tags":[],"class_list":["post-663","post","type-post","status-publish","format-standard","has-post-thumbnail","hentry","category-comitato","category-generale"],"_links":{"self":[{"href":"https:\/\/www.parrocchiamariassannunziata.it\/index.php\/wp-json\/wp\/v2\/posts\/663","targetHints":{"allow":["GET"]}}],"collection":[{"href":"https:\/\/www.parrocchiamariassannunziata.it\/index.php\/wp-json\/wp\/v2\/posts"}],"about":[{"href":"https:\/\/www.parrocchiamariassannunziata.it\/index.php\/wp-json\/wp\/v2\/types\/post"}],"author":[{"embeddable":true,"href":"https:\/\/www.parrocchiamariassannunziata.it\/index.php\/wp-json\/wp\/v2\/users\/1"}],"replies":[{"embeddable":true,"href":"https:\/\/www.parrocchiamariassannunziata.it\/index.php\/wp-json\/wp\/v2\/comments?post=663"}],"version-history":[{"count":8,"href":"https:\/\/www.parrocchiamariassannunziata.it\/index.php\/wp-json\/wp\/v2\/posts\/663\/revisions"}],"predecessor-version":[{"id":683,"href":"https:\/\/www.parrocchiamariassannunziata.it\/index.php\/wp-json\/wp\/v2\/posts\/663\/revisions\/683"}],"wp:featuredmedia":[{"embeddable":true,"href":"https:\/\/www.parrocchiamariassannunziata.it\/index.php\/wp-json\/wp\/v2\/media\/666"}],"wp:attachment":[{"href":"https:\/\/www.parrocchiamariassannunziata.it\/index.php\/wp-json\/wp\/v2\/media?parent=663"}],"wp:term":[{"taxonomy":"category","embeddable":true,"href":"https:\/\/www.parrocchiamariassannunziata.it\/index.php\/wp-json\/wp\/v2\/categories?post=663"},{"taxonomy":"post_tag","embeddable":true,"href":"https:\/\/www.parrocchiamariassannunziata.it\/index.php\/wp-json\/wp\/v2\/tags?post=663"}],"curies":[{"name":"wp","href":"https:\/\/api.w.org\/{rel}","templated":true}]}}