{"id":562,"date":"2017-02-28T20:37:47","date_gmt":"2017-02-28T19:37:47","guid":{"rendered":"http:\/\/www.parrocchiamariassannunziata.it\/?p=562"},"modified":"2017-03-05T11:10:32","modified_gmt":"2017-03-05T10:10:32","slug":"giornata-della-raccolta-alimentare-4-marzo-2017","status":"publish","type":"post","link":"https:\/\/www.parrocchiamariassannunziata.it\/index.php\/2017\/02\/28\/giornata-della-raccolta-alimentare-4-marzo-2017\/","title":{"rendered":"Giornata Della Raccolta Alimentare &#8211; 4 Marzo 2017"},"content":{"rendered":"<p><img loading=\"lazy\" decoding=\"async\" class=\"wp-image-564 aligncenter\" src=\"http:\/\/www.parrocchiamariassannunziata.it\/wp-content\/uploads\/2017\/02\/colletta-alimentare-1-300x214.jpg\" alt=\"\" width=\"631\" height=\"450\" srcset=\"https:\/\/www.parrocchiamariassannunziata.it\/wp-content\/uploads\/2017\/02\/colletta-alimentare-1-300x214.jpg 300w, https:\/\/www.parrocchiamariassannunziata.it\/wp-content\/uploads\/2017\/02\/colletta-alimentare-1-768x549.jpg 768w, https:\/\/www.parrocchiamariassannunziata.it\/wp-content\/uploads\/2017\/02\/colletta-alimentare-1-1024x731.jpg 1024w\" sizes=\"auto, (max-width: 631px) 100vw, 631px\" \/><\/p>\n<p>&nbsp;<\/p>\n<blockquote>\n<h2>&#8220;Amare Dio vuol dire amare il Prossimo; e il prossimo \u00e9 soprattutto \u00a0il pi\u00f9 debole, il pi\u00f9 bisognoso&#8221;<\/h2>\n<\/blockquote>\n<p>Sabato 4 \u00a0Marzo 2017 \u00a0si svolger\u00e0 la giornata della raccolta alimentare contro la fame in Italia. Durante questa giornata, ciascuno pu\u00f2 compiere un gesto di carit\u00e0 e di solidariet\u00e0 verso i pi\u00f9 poveri nei seguenti \u00a0supermercati:<\/p>\n<ul>\n<li>Pick-up<\/li>\n<li>Qui Discount<\/li>\n<li>Met\u00e0<\/li>\n<li>Spes\u00ec<\/li>\n<\/ul>\n<p><!--more--><\/p>\n<p><img loading=\"lazy\" decoding=\"async\" class=\"wp-image-563 aligncenter\" src=\"http:\/\/www.parrocchiamariassannunziata.it\/wp-content\/uploads\/2017\/02\/colletta-alimentare-2-300x214.jpg\" alt=\"\" width=\"566\" height=\"341\" \/><\/p>\n","protected":false},"excerpt":{"rendered":"<p>&nbsp; &#8220;Amare Dio vuol dire amare il Prossimo; e il prossimo \u00e9 soprattutto \u00a0il pi\u00f9 debole, il pi\u00f9 bisognoso&#8221; Sabato 4 \u00a0Marzo 2017 \u00a0si svolger\u00e0 [&hellip;]<\/p>\n","protected":false},"author":1,"featured_media":564,"comment_status":"open","ping_status":"closed","sticky":false,"template":"","format":"standard","meta":{"footnotes":""},"categories":[6,1],"tags":[],"class_list":["post-562","post","type-post","status-publish","format-standard","has-post-thumbnail","hentry","category-caritas","category-generale"],"_links":{"self":[{"href":"https:\/\/www.parrocchiamariassannunziata.it\/index.php\/wp-json\/wp\/v2\/posts\/562","targetHints":{"allow":["GET"]}}],"collection":[{"href":"https:\/\/www.parrocchiamariassannunziata.it\/index.php\/wp-json\/wp\/v2\/posts"}],"about":[{"href":"https:\/\/www.parrocchiamariassannunziata.it\/index.php\/wp-json\/wp\/v2\/types\/post"}],"author":[{"embeddable":true,"href":"https:\/\/www.parrocchiamariassannunziata.it\/index.php\/wp-json\/wp\/v2\/users\/1"}],"replies":[{"embeddable":true,"href":"https:\/\/www.parrocchiamariassannunziata.it\/index.php\/wp-json\/wp\/v2\/comments?post=562"}],"version-history":[{"count":1,"href":"https:\/\/www.parrocchiamariassannunziata.it\/index.php\/wp-json\/wp\/v2\/posts\/562\/revisions"}],"predecessor-version":[{"id":565,"href":"https:\/\/www.parrocchiamariassannunziata.it\/index.php\/wp-json\/wp\/v2\/posts\/562\/revisions\/565"}],"wp:featuredmedia":[{"embeddable":true,"href":"https:\/\/www.parrocchiamariassannunziata.it\/index.php\/wp-json\/wp\/v2\/media\/564"}],"wp:attachment":[{"href":"https:\/\/www.parrocchiamariassannunziata.it\/index.php\/wp-json\/wp\/v2\/media?parent=562"}],"wp:term":[{"taxonomy":"category","embeddable":true,"href":"https:\/\/www.parrocchiamariassannunziata.it\/index.php\/wp-json\/wp\/v2\/categories?post=562"},{"taxonomy":"post_tag","embeddable":true,"href":"https:\/\/www.parrocchiamariassannunziata.it\/index.php\/wp-json\/wp\/v2\/tags?post=562"}],"curies":[{"name":"wp","href":"https:\/\/api.w.org\/{rel}","templated":true}]}}